[{"@context":"https:\/\/schema.org\/","@type":"Article","@id":"https:\/\/www.granuja.cz\/zub-casu-uz-se-zahlodal\/#Article","mainEntityOfPage":"https:\/\/www.granuja.cz\/zub-casu-uz-se-zahlodal\/","headline":"Zub \u010dasu u\u017e se zahlodal","name":"Zub \u010dasu u\u017e se zahlodal","description":"Star\u00fd u\u017e po\u0159\u00e1dn\u011b neslou\u017e\u00ed. Skvrna od \u010derven\u00e9ho v\u00edna, kter\u00e1 nejde vydrhnout je schovan\u00e1 pod k\u0159eslem, ale to, jak Honz\u00edk v\u010dera rozpatlal \u010dokol\u00e1du pod stolem je vid\u011bt je\u0161t\u011b te\u010f. Stejn\u011b u\u017e je za\u0161l\u00fd a barvy nejsou v\u016fbec z\u00e1\u0159iv\u00e9. Nejde po\u0159\u00e1dn\u011b vy\u010distit a i p\u0159es \u010dast\u00e9 vys\u00e1v\u00e1n\u00ed se v n\u011bm dr\u017e\u00ed spousta prachu. Jedna my\u0161lenka v\u00e1m b\u011b\u017e\u00ed [&hellip;]","datePublished":"2024-12-04","dateModified":"2024-12-04","author":{"@type":"Person","@id":"https:\/\/www.granuja.cz\/author\/#Person","name":"","url":"https:\/\/www.granuja.cz\/author\/","identifier":1,"image":{"@type":"ImageObject","@id":"https:\/\/secure.gravatar.com\/avatar\/9bd672608a9ea50cfcb35956b7f63dacf48dece49eb907e6bdd72bedd9991f24?s=96&d=mm&r=g","url":"https:\/\/secure.gravatar.com\/avatar\/9bd672608a9ea50cfcb35956b7f63dacf48dece49eb907e6bdd72bedd9991f24?s=96&d=mm&r=g","height":96,"width":96}},"publisher":{"@type":"Organization","name":"granuja.cz","logo":{"@type":"ImageObject","@id":"\/logo.png","url":"\/logo.png","width":600,"height":60}},"url":"https:\/\/www.granuja.cz\/zub-casu-uz-se-zahlodal\/","wordCount":180,"articleBody":" Star\u00fd u\u017e po\u0159\u00e1dn\u011b neslou\u017e\u00ed. Skvrna od \u010derven\u00e9ho v\u00edna, kter\u00e1 nejde vydrhnout je schovan\u00e1 pod k\u0159eslem, ale to, jak Honz\u00edk v\u010dera rozpatlal \u010dokol\u00e1du pod stolem je vid\u011bt je\u0161t\u011b te\u010f. Stejn\u011b u\u017e je za\u0161l\u00fd a barvy nejsou v\u016fbec z\u00e1\u0159iv\u00e9. Nejde po\u0159\u00e1dn\u011b vy\u010distit a i p\u0159es \u010dast\u00e9 vys\u00e1v\u00e1n\u00ed se v n\u011bm dr\u017e\u00ed spousta prachu. Jedna my\u0161lenka v\u00e1m b\u011b\u017e\u00ed v hlav\u011b ji\u017e n\u011bjakou dobu. Je na \u010dase investovat do nov\u00fdch koberc\u016f. Jak\u00fd vybrat? To je ot\u00e1zka. V prvn\u00ed \u0159ad\u011b si mus\u00edme ur\u010dit po\u017eadavky, kter\u00e9 od koberce po\u017eadujeme. Chceme ho mal\u00fd nebo velk\u00fd? S drobn\u00fdmi dekory nebo velk\u00fdmi vzory? Jakou funkci by m\u011bl spl\u0148ovat? Je pro n\u00e1s d\u016fle\u017eit\u00e1 jeho \u017eivotnost? Do kter\u00e9ho pokoje jej chceme um\u00edstit? Z\u00e1le\u017e\u00ed n\u00e1m na cen\u011b nebo rad\u011bji up\u0159ednostn\u00edme v\u00fdbornou kvalitu? Jakmile si zodpov\u00edme tyto z\u00e1kladn\u00ed ot\u00e1zky, m\u016f\u017eeme se vydat na n\u00e1kup!                                                                                                                                                                                                                                                                                                                                                                                        4.7\/5 - (4 votes)        "},{"@context":"https:\/\/schema.org\/","@type":"BreadcrumbList","itemListElement":[{"@type":"ListItem","position":1,"name":"Zub \u010dasu u\u017e se zahlodal","item":"https:\/\/www.granuja.cz\/zub-casu-uz-se-zahlodal\/#breadcrumbitem"}]}]