{"@context":"https:\/\/schema.org\/","@type":"CollectionPage","@id":"https:\/\/www.granuja.cz\/podnikani\/#CollectionPage","headline":"Podnik\u00e1n\u00ed Category","description":"","url":"https:\/\/www.granuja.cz\/podnikani\/","hasPart":[{"@type":"Article","@id":"https:\/\/www.granuja.cz\/co-se-pocita-jako-nepenezity-vklad-do-spolecnosti\/","headline":"Co se po\u010d\u00edt\u00e1 jako nepen\u011b\u017eit\u00fd vklad do spole\u010dnosti","url":"https:\/\/www.granuja.cz\/co-se-pocita-jako-nepenezity-vklad-do-spolecnosti\/","datePublished":"2023-07-15","dateModified":"2023-08-21","mainEntityOfPage":"https:\/\/www.granuja.cz\/co-se-pocita-jako-nepenezity-vklad-do-spolecnosti\/","author":{"@type":"Person","@id":"https:\/\/www.granuja.cz\/author\/#Person","name":"","url":"https:\/\/www.granuja.cz\/author\/","identifier":1,"image":{"@type":"ImageObject","@id":"https:\/\/secure.gravatar.com\/avatar\/9bd672608a9ea50cfcb35956b7f63dacf48dece49eb907e6bdd72bedd9991f24?s=96&d=mm&r=g","url":"https:\/\/secure.gravatar.com\/avatar\/9bd672608a9ea50cfcb35956b7f63dacf48dece49eb907e6bdd72bedd9991f24?s=96&d=mm&r=g","height":96,"width":96}},"publisher":{"@type":"Organization","name":"granuja.cz","logo":{"@type":"ImageObject","@id":"\/logo.png","url":"\/logo.png","width":600,"height":60}},"image":{"@type":"ImageObject","@id":"https:\/\/www.granuja.cz\/wp-content\/uploads\/firma7_9.png","url":"https:\/\/www.granuja.cz\/wp-content\/uploads\/firma7_9.png","height":0,"width":0},"keywords":null},{"@type":"Article","@id":"https:\/\/www.granuja.cz\/pritel-pro-zivot\/","headline":"P\u0159\u00edtel pro \u017eivot","url":"https:\/\/www.granuja.cz\/pritel-pro-zivot\/","datePublished":"2023-05-15","dateModified":"2023-05-15","mainEntityOfPage":"https:\/\/www.granuja.cz\/pritel-pro-zivot\/","author":{"@type":"Person","@id":"https:\/\/www.granuja.cz\/author\/#Person","name":"","url":"https:\/\/www.granuja.cz\/author\/","identifier":1,"image":{"@type":"ImageObject","@id":"https:\/\/secure.gravatar.com\/avatar\/9bd672608a9ea50cfcb35956b7f63dacf48dece49eb907e6bdd72bedd9991f24?s=96&d=mm&r=g","url":"https:\/\/secure.gravatar.com\/avatar\/9bd672608a9ea50cfcb35956b7f63dacf48dece49eb907e6bdd72bedd9991f24?s=96&d=mm&r=g","height":96,"width":96}},"publisher":{"@type":"Organization","name":"granuja.cz","logo":{"@type":"ImageObject","@id":"\/logo.png","url":"\/logo.png","width":600,"height":60}},"image":{"@type":"ImageObject","@id":"https:\/\/www.granuja.cz\/wp-content\/uploads\/minh-pham-RSiqCjdmKPM-unsplash.jpg","url":"https:\/\/www.granuja.cz\/wp-content\/uploads\/minh-pham-RSiqCjdmKPM-unsplash.jpg","height":0,"width":0},"keywords":null},{"@type":"Article","@id":"https:\/\/www.granuja.cz\/proc-je-letecka-preprava-nejbezpecnejsi\/","headline":"Pro\u010d je leteck\u00e1 p\u0159eprava nejbezpe\u010dn\u011bj\u0161\u00ed?","url":"https:\/\/www.granuja.cz\/proc-je-letecka-preprava-nejbezpecnejsi\/","datePublished":"2023-04-17","dateModified":"2023-04-17","mainEntityOfPage":"https:\/\/www.granuja.cz\/proc-je-letecka-preprava-nejbezpecnejsi\/","author":{"@type":"Person","@id":"https:\/\/www.granuja.cz\/author\/#Person","name":"","url":"https:\/\/www.granuja.cz\/author\/","identifier":1,"image":{"@type":"ImageObject","@id":"https:\/\/secure.gravatar.com\/avatar\/9bd672608a9ea50cfcb35956b7f63dacf48dece49eb907e6bdd72bedd9991f24?s=96&d=mm&r=g","url":"https:\/\/secure.gravatar.com\/avatar\/9bd672608a9ea50cfcb35956b7f63dacf48dece49eb907e6bdd72bedd9991f24?s=96&d=mm&r=g","height":96,"width":96}},"publisher":{"@type":"Organization","name":"granuja.cz","logo":{"@type":"ImageObject","@id":"\/logo.png","url":"\/logo.png","width":600,"height":60}},"image":{"@type":"ImageObject","@id":"https:\/\/www.granuja.cz\/wp-content\/uploads\/letadlo4_2.jpg","url":"https:\/\/www.granuja.cz\/wp-content\/uploads\/letadlo4_2.jpg","height":0,"width":0},"keywords":null},{"@type":"Article","@id":"https:\/\/www.granuja.cz\/chybicka-se-vloudila\/","headline":"Chybi\u010dka se vloudila","url":"https:\/\/www.granuja.cz\/chybicka-se-vloudila\/","datePublished":"2019-05-15","dateModified":"2019-05-15","mainEntityOfPage":"https:\/\/www.granuja.cz\/chybicka-se-vloudila\/","author":{"@type":"Person","@id":"https:\/\/www.granuja.cz\/author\/#Person","name":"","url":"https:\/\/www.granuja.cz\/author\/","identifier":1,"image":{"@type":"ImageObject","@id":"https:\/\/secure.gravatar.com\/avatar\/9bd672608a9ea50cfcb35956b7f63dacf48dece49eb907e6bdd72bedd9991f24?s=96&d=mm&r=g","url":"https:\/\/secure.gravatar.com\/avatar\/9bd672608a9ea50cfcb35956b7f63dacf48dece49eb907e6bdd72bedd9991f24?s=96&d=mm&r=g","height":96,"width":96}},"publisher":{"@type":"Organization","name":"granuja.cz","logo":{"@type":"ImageObject","@id":"\/logo.png","url":"\/logo.png","width":600,"height":60}},"image":{"@type":"ImageObject","@id":"https:\/\/www.granuja.cz\/wp-content\/uploads\/img_a356549_w3898_t1571070864.jpg","url":"https:\/\/www.granuja.cz\/wp-content\/uploads\/img_a356549_w3898_t1571070864.jpg","height":0,"width":0},"keywords":null}]}