[{"@context":"https:\/\/schema.org\/","@type":"Article","@id":"https:\/\/www.granuja.cz\/kam-vyrazit-mimo-sezonu\/#Article","mainEntityOfPage":"https:\/\/www.granuja.cz\/kam-vyrazit-mimo-sezonu\/","headline":"Kam vyrazit mimo sez\u00f3nu?","name":"Kam vyrazit mimo sez\u00f3nu?","description":"Obdob\u00ed hlavn\u00ed sez\u00f3ny dovolen\u00fdch kon\u010d\u00ed, d\u011bti nastupuj\u00ed do \u0161koly, rodi\u010d\u016fm se zdvojn\u00e1sobuje pracovn\u00ed sm\u011bna krou\u017eky, vst\u00e1v\u00e1n\u00edm, vo\u017een\u00edm a vyzved\u00e1v\u00e1n\u00edm potomk\u016f. Nehled\u011b na n\u00e1ro\u010dn\u00fd \u010das str\u00e1ven\u00fd spole\u010dn\u00fdm u\u010den\u00edm a p\u0159\u00edpravou do \u0161koly. Po\u010das\u00ed se p\u0159ekl\u00e1p\u00ed pomalu ale jist\u011b do podzimn\u00edho m\u00f3du a doba koup\u00e1n\u00ed, t\u00edlek a sand\u00e1l\u016f nen\u00e1vratn\u011b miz\u00ed v propadli\u0161ti \u010dasu. Na druhou stranu V\u00e1noce, [&hellip;]","datePublished":"2023-09-19","dateModified":"2023-10-23","author":{"@type":"Person","@id":"https:\/\/www.granuja.cz\/author\/#Person","name":"","url":"https:\/\/www.granuja.cz\/author\/","identifier":1,"image":{"@type":"ImageObject","@id":"https:\/\/secure.gravatar.com\/avatar\/9bd672608a9ea50cfcb35956b7f63dacf48dece49eb907e6bdd72bedd9991f24?s=96&d=mm&r=g","url":"https:\/\/secure.gravatar.com\/avatar\/9bd672608a9ea50cfcb35956b7f63dacf48dece49eb907e6bdd72bedd9991f24?s=96&d=mm&r=g","height":96,"width":96}},"publisher":{"@type":"Organization","name":"granuja.cz","logo":{"@type":"ImageObject","@id":"\/logo.png","url":"\/logo.png","width":600,"height":60}},"image":{"@type":"ImageObject","@id":"https:\/\/www.granuja.cz\/wp-content\/uploads\/drew-jemmett-qEcWgrTG578-unsplash_2.jpg","url":"https:\/\/www.granuja.cz\/wp-content\/uploads\/drew-jemmett-qEcWgrTG578-unsplash_2.jpg","height":0,"width":0},"url":"https:\/\/www.granuja.cz\/kam-vyrazit-mimo-sezonu\/","about":["Podnik\u00e1n\u00ed"],"wordCount":464,"articleBody":"      Obdob\u00ed hlavn\u00ed sez\u00f3ny dovolen\u00fdch kon\u010d\u00ed, d\u011bti nastupuj\u00ed do \u0161koly, rodi\u010d\u016fm se zdvojn\u00e1sobuje pracovn\u00ed sm\u011bna krou\u017eky, vst\u00e1v\u00e1n\u00edm, vo\u017een\u00edm a vyzved\u00e1v\u00e1n\u00edm potomk\u016f. Nehled\u011b na n\u00e1ro\u010dn\u00fd \u010das str\u00e1ven\u00fd spole\u010dn\u00fdm u\u010den\u00edm a p\u0159\u00edpravou do \u0161koly. Po\u010das\u00ed se p\u0159ekl\u00e1p\u00ed pomalu ale jist\u011b do podzimn\u00edho m\u00f3du a doba koup\u00e1n\u00ed, t\u00edlek a sand\u00e1l\u016f nen\u00e1vratn\u011b miz\u00ed v propadli\u0161ti \u010dasu. Na druhou stranu V\u00e1noce, ke kter\u00fdm se v\u011bt\u0161ina lid\u00ed po l\u00e9t\u011b up\u00edn\u00e1 jako ke sp\u00e1sn\u00e9mu bodu radosti a spole\u010dn\u00e9ho \u010dasu, jsou je\u0161t\u011b p\u0159\u00edli\u0161 daleko a po\u010d\u00edtat dny by nem\u011blo valn\u00e9ho smyslu. Na co se tedy m\u016f\u017eeme t\u011b\u0161it? Co n\u00e1m zp\u0159\u00edjemn\u00ed kr\u00e1t\u00edc\u00ed se dny a vytrhne n\u00e1s z n\u00e1ro\u010dn\u00e9 rutiny v\u0161edn\u00edch dn\u016f? Skv\u011blou mo\u017enost\u00ed, je\u017e se nab\u00edz\u00ed, je prodlou\u017eit si v\u00edkend nebo si p\u0159\u00edmo vz\u00edt volno a ud\u011blat si rodinnou dovolenou mimo sez\u00f3nu v dob\u011b, kdy budou resorty jenom Va\u0161e. Valn\u00e1 v\u011bt\u0161ina lid\u00ed, kte\u0159\u00ed se takto rozhodnou, cestuj\u00ed k mo\u0159i a obecn\u011b do exotick\u00fdch oblast\u00ed, proto\u017ee tam ani v t\u011bchto m\u011bs\u00edc\u00edch l\u00e9to neztr\u00e1c\u00ed svou s\u00edlu. Ale pro\u010d b\u00fdt jako v\u011bt\u0161ina a v dne\u0161n\u00ed i tak dost finan\u010dn\u011b n\u00e1ro\u010dn\u00e9 dob\u011b utr\u00e1cet desetitis\u00edce za dalek\u00e9 cesty? Na\u0161e zem\u011b m\u00e1 tak\u00e9 sv\u016fj hlubok\u00fd p\u016fvab a ani chladn\u011bj\u0161\u00ed teplota j\u00ed ho nevezme. Vyrazit na dovolenou po \u010cesku v podzimn\u00edch m\u011bs\u00edc\u00edch znamen\u00e1 zbavit se dav\u016f turist\u016f, vyu\u017e\u00edt n\u00edzk\u00fdch cen i podzimn\u00edho kouzla p\u0159\u00edrody.Pam\u00e1tky jsou st\u00e1le otev\u0159en\u00e9, p\u0159\u00edroda se obl\u00e9k\u00e1 do r\u016fzn\u00fdch barev, chodit po hor\u00e1ch i m\u011bstech se d\u00e1 kr\u00e1sn\u011b a \u010dlov\u011bk se alespo\u0148 vyhne \u00famorn\u00fdm hork\u016fm, kter\u00e1 v posledn\u00edch letech na\u0161i domovinu v pr\u016fb\u011bhu l\u00e9ta su\u017euj\u00ed. Plno z\u00e1\u017eitk\u016f a kr\u00e1sn\u00e9 prost\u0159ed\u00ed nab\u00edz\u00ed nap\u0159. v centru Jesen\u00edk\u016f apartm\u00e1ny MAX. Do tohoto ubytov\u00e1n\u00ed Jesen\u00edky s d\u011btmi vyraz\u00edte bez velk\u00e9ho balen\u00ed, jeliko\u017e ve\u0161ker\u00e1 pot\u0159ebn\u00e1 za\u0159\u00edzen\u00ed jako obchody, restaurace \u010di l\u00e9k\u00e1rny jsou dostupn\u00e1 v bl\u00edzk\u00e9m okruhu a nen\u00ed t\u0159eba \u0159e\u0161it nic z nejistot, kter\u00e9 s sebou p\u0159in\u00e1\u0161\u00ed cesta do zahrani\u010d\u00ed. Zpest\u0159ete si podzimn\u00ed dny a vyje\u010fte t\u0159eba jen na v\u00edkend do tohoto romantick\u00e9ho horsk\u00e9ho ubytov\u00e1n\u00ed v srdci p\u0159\u00edrody.                                                                                                                                                                                                                                                                                                                                                                                          4.5\/5 - (8 votes)        "},{"@context":"https:\/\/schema.org\/","@type":"BreadcrumbList","itemListElement":[{"@type":"ListItem","position":1,"name":"Kam vyrazit mimo sez\u00f3nu?","item":"https:\/\/www.granuja.cz\/kam-vyrazit-mimo-sezonu\/#breadcrumbitem"}]}]