[{"@context":"https:\/\/schema.org\/","@type":"Article","@id":"https:\/\/www.granuja.cz\/co-bude-dalsi-dny\/#Article","mainEntityOfPage":"https:\/\/www.granuja.cz\/co-bude-dalsi-dny\/","headline":"Co bude dal\u0161\u00ed dny?","name":"Co bude dal\u0161\u00ed dny?","description":"Na\u0161la jsem nov\u00fd smysl \u017eivota, a to pr\u00e1v\u011b t\u00edm, kdy\u017e jsem doma. Taky jste si n\u011bkdy chv\u00edli sedli a p\u0159em\u00fd\u0161leli nad t\u00edm, co se bude t\u0159eba d\u00edt druh\u00fd den? J\u00e1 m\u00e1m v\u017edycky takov\u00fd ten sv\u016fj zvl\u00e1\u0161tn\u00ed pocit, kter\u00fd m\u011b p\u0159im\u011bje k tomu, abych p\u0159em\u00fd\u0161lela nad nov\u00fdmi v\u011bcmi. To pr\u00e1v\u011b t\u00edm, \u017ee se te\u010f bl\u00ed\u017e\u00ed V\u00e1noce [&hellip;]","datePublished":"2024-07-29","dateModified":"2024-07-29","author":{"@type":"Person","@id":"https:\/\/www.granuja.cz\/author\/#Person","name":"","url":"https:\/\/www.granuja.cz\/author\/","identifier":1,"image":{"@type":"ImageObject","@id":"https:\/\/secure.gravatar.com\/avatar\/9bd672608a9ea50cfcb35956b7f63dacf48dece49eb907e6bdd72bedd9991f24?s=96&d=mm&r=g","url":"https:\/\/secure.gravatar.com\/avatar\/9bd672608a9ea50cfcb35956b7f63dacf48dece49eb907e6bdd72bedd9991f24?s=96&d=mm&r=g","height":96,"width":96}},"publisher":{"@type":"Organization","name":"granuja.cz","logo":{"@type":"ImageObject","@id":"\/logo.png","url":"\/logo.png","width":600,"height":60}},"image":{"@type":"ImageObject","@id":"https:\/\/www.granuja.cz\/wp-content\/uploads\/pohoda_1.jpg","url":"https:\/\/www.granuja.cz\/wp-content\/uploads\/pohoda_1.jpg","height":0,"width":0},"url":"https:\/\/www.granuja.cz\/co-bude-dalsi-dny\/","about":["D\u016fm"],"wordCount":496,"articleBody":"Na\u0161la jsem nov\u00fd smysl \u017eivota, a to pr\u00e1v\u011b t\u00edm, kdy\u017e jsem doma. Taky jste si n\u011bkdy chv\u00edli sedli a p\u0159em\u00fd\u0161leli nad t\u00edm, co se bude t\u0159eba d\u00edt druh\u00fd den? J\u00e1 m\u00e1m v\u017edycky takov\u00fd ten sv\u016fj zvl\u00e1\u0161tn\u00ed pocit, kter\u00fd m\u011b p\u0159im\u011bje k tomu, abych p\u0159em\u00fd\u0161lela nad nov\u00fdmi v\u011bcmi. To pr\u00e1v\u011b t\u00edm, \u017ee se te\u010f bl\u00ed\u017e\u00ed V\u00e1noce a u\u017e jsem takov\u00e1 nalad\u011bn\u00e1 tou svou v\u00e1no\u010dn\u00ed n\u00e1ladou a t\u011bmi sv\u00e1tky, kter\u00e9 se bl\u00ed\u017e\u00ed a jsou p\u0159esn\u011b t\u011bsn\u011b za dve\u0159mi. A j\u00e1 tyhle v\u011bci m\u00e1m stra\u0161n\u011b r\u00e1da, hlavn\u011b tyhle v\u00e1no\u010dn\u00ed sv\u00e1tky, kter\u00e9 prost\u011b jsou u\u017e za dve\u0159mi. Ur\u010dit\u011b ka\u017ed\u00fd miluje kouzeln\u00e9 V\u00e1noce jako j\u00e1, proto\u017ee j\u00e1 ty V\u00e1noce miluju, a to nejenom, \u017ee se j\u00ed prost\u011b p\u0159ijdu na jin\u00e9 my\u0161lenky, kdy\u017e t\u0159eba pad\u00e1 sn\u00edh, ale pr\u00e1v\u011b to, \u017ee si doma mohu zrealizovat nov\u00e9 n\u00e1pady a nov\u00e9 my\u0161lenky. M\u016f\u017eeme si dokonce o V\u00e1noc\u00edch i n\u011bco vyrobit a nemus\u00ed to b\u00fdt jenom o tom, \u017ee si po\u0159\u00e1d n\u011bco koup\u00edte do sv\u00e9ho dome\u010dku. J\u00e1 jsem takov\u00e1, \u017ee stra\u0161n\u011b r\u00e1da n\u011bco zrealizuji, a to pr\u00e1v\u011b m\u011b napadlo, \u017ee si vyrob\u00edm sv\u016fj dom\u00e1c\u00ed krb. Napadlo m\u011b, \u017ee si vyrob\u00edm v\u00e1no\u010dn\u00ed dom\u00e1c\u00ed krb, kter\u00fd si vyrob\u00edm z krabic. M\u016f\u017eu v\u00e1m \u0159\u00edct, \u017ee takov\u00fd n\u00e1pad si mysl\u00edm, \u017ee je hodn\u011b dobr\u00fd, proto\u017ee hodn\u011b u\u0161et\u0159\u00edte, a dokonce si sami n\u011bco vytvo\u0159\u00edte a m\u016f\u017eete to po\u0159\u00e1d obdivovat. Je\u0161t\u011b n\u011bjakou chv\u00edli po\u010dk\u00e1m, proto\u017ee je listopad, ale jakmile bude za\u010d\u00e1tek prosince, tak p\u0159esn\u011b tohle si vytvo\u0159\u00edm, proto\u017ee v\u00edm, \u017ee to bude zase nov\u00fd n\u00e1pad, a hlavn\u011b nov\u00fd m\u016fj dopln\u011bk do dom\u00e1cnosti. A pokud jsem n\u011bkoho inspirovala, tak se nechte inspirovat, proto\u017ee pokud si vytvo\u0159\u00edte krb z krabic, tak v\u011b\u0159te, \u017ee si ho kr\u00e1sn\u011b m\u016f\u017eete nazdobit, kr\u00e1sn\u011b polepit a m\u016f\u017eete si na n\u011bj d\u00e1t cokoliv budete cht\u00edt, abyste v\u011bd\u011bli, \u017ee v\u00e1s ur\u010dit\u011b i zah\u0159eje ten pohled na to, \u017ee jste si ty V\u00e1noce sami kr\u00e1sn\u011b vylep\u0161ili a tou novou v\u011bc\u00ed, kterou jste si sami vytvo\u0159ili. J\u00e1 m\u00e1m stra\u0161n\u011b r\u00e1da nov\u00e9 pl\u00e1ny, nov\u00e9 n\u00e1pady a m\u00e1m stra\u0161n\u011b r\u00e1da, kdy\u017e m\u011b napadaj\u00ed nov\u00e9 v\u011bci, a bl\u00e1zniv\u00e9, a to pr\u00e1v\u011b v\u00e1no\u010dn\u00ed dom\u00e1c\u00ed krb, kter\u00fd si prost\u011b tou\u017e\u00edm sama vytvo\u0159it. Tak\u017ee se nechte inspirovat a uvid\u00edte, \u017ee v\u00e1s to samo opravdu i p\u0159ekvap\u00ed.                                                                                                                                                                                                                                                                                                                                                                                        4.2\/5 - (10 votes)        "},{"@context":"https:\/\/schema.org\/","@type":"BreadcrumbList","itemListElement":[{"@type":"ListItem","position":1,"name":"Co bude dal\u0161\u00ed dny?","item":"https:\/\/www.granuja.cz\/co-bude-dalsi-dny\/#breadcrumbitem"}]}]